{"id":691,"__str__":"Projeto de Lei Ordin\u00e1ria n\u00ba 71 de 2023 | Proposi\u00e7\u00e3o apresentada em Plen\u00e1rio | 04/12/2023","link_detail_backend":"/materia/tramitacao/691","metadata":{},"timestamp":"2023-12-07T13:42:03.084526-03:00","data_tramitacao":"2023-12-04","data_encaminhamento":null,"urgente":false,"turno":"P","texto":"Declara de utilidade p\u00fablica a Associa\u00e7\u00e3o de Pastores e Ministros de Monte Santo de Minas.","data_fim_prazo":null,"ip":"45.187.187.169","ultima_edicao":"2023-12-07T13:41:36.840720-03:00","status":28,"materia":3068,"unidade_tramitacao_local":4,"unidade_tramitacao_destino":6,"user":50}