{"id":467,"__str__":"Projeto de Lei Ordin\u00e1ria n\u00ba 3 de 2023 | Proposi\u00e7\u00e3o apresentada em Plen\u00e1rio | 06/02/2023","link_detail_backend":"/materia/tramitacao/467","metadata":{},"timestamp":"2023-02-09T14:30:29.402384-03:00","data_tramitacao":"2023-02-06","data_encaminhamento":null,"urgente":false,"turno":"B","texto":"Disp\u00f5e sobre a realiza\u00e7\u00e3o de an\u00e1lise das \u00e1guas dos reservat\u00f3rios das escolas e creches municipais e d\u00e1 outras provid\u00eancias.","data_fim_prazo":null,"ip":"45.187.187.169","ultima_edicao":"2023-02-10T09:32:00.660078-03:00","status":28,"materia":2636,"unidade_tramitacao_local":4,"unidade_tramitacao_destino":6,"user":50}