{"id":365,"__str__":"Avulso - Anexo ao Requerimento 086/2016 de 03/06/2016 por Diomar Mariotti Filho e Jos\u00e9 Paulino de Souza ","link_detail_backend":"/materia/documentoacessorio/365","metadata":{},"nome":"Anexo ao Requerimento 086/2016","data":"2016-06-03","autor":"Diomar Mariotti Filho e Jos\u00e9 Paulino de Souza ","ementa":"REFERENTE A R. PAULO PELEGRINI, PARA MANTER AS DUAS M\u00c3O COM UM LADO PROIBIDO ESTACIONAR VE\u00cdCULOS.","indexacao":"","arquivo":"http://sapl.montesantodeminas.mg.leg.br/media/sapl/public/documentoacessorio/2016/365/365.pdf","data_ultima_atualizacao":"2018-09-27T12:16:04.549177-03:00","materia":378,"tipo":3}