{"id":108,"__str__":"Avulso - Anexo  de 29/05/2015 por Fl\u00e1vio Silva Santos","link_detail_backend":"/materia/documentoacessorio/108","metadata":{},"nome":"Anexo ","data":"2015-05-29","autor":"Fl\u00e1vio Silva Santos","ementa":"IMAGEM DA \u00c1RVORE EM QUEST\u00c3O.","indexacao":"","arquivo":"http://sapl.montesantodeminas.mg.leg.br/media/sapl/public/documentoacessorio/2015/108/108.pdf","data_ultima_atualizacao":"2018-09-27T12:16:04.127791-03:00","materia":144,"tipo":3}